{"id":100,"date":"2018-06-15T14:51:04","date_gmt":"2018-06-15T12:51:04","guid":{"rendered":"http:\/\/microkine-claude.be\/?p=100"},"modified":"2019-08-27T16:26:29","modified_gmt":"2019-08-27T14:26:29","slug":"le-corps-ne-retient-il-que-le-negatif","status":"publish","type":"post","link":"https:\/\/microkine-claude.be\/index.php\/2018\/06\/15\/le-corps-ne-retient-il-que-le-negatif\/","title":{"rendered":"Pourquoi les b\u00e9b\u00e9s ont parfois besoin de Microkin\u00e9 ?"},"content":{"rendered":"<p>On consid\u00e8re souvent que la vie d\u2019un enfant commence \u00e0 sa naissance. En r\u00e9alit\u00e9, son existence a commenc\u00e9 plusieurs mois auparavant, d\u00e8s la f\u00e9condation, auxquels il faut ajouter jusqu\u2019\u00e0 deux mois suppl\u00e9mentaires pour la gen\u00e8se des gam\u00e8tes. Ce qui nous donne jusqu\u2019\u00e0 onze mois de vie pr\u00e9-partum.<!--more--><\/p>\n<p>Si les sens de l\u2019enfant \u00e0 na\u00eetre sont encore en gestation, il n\u2019en est pas moins sensible aux modifications de son environnement. Soit directement lorsqu\u2019il s\u2019agit de traumatismes physiques subis par la m\u00e8re (la sensibilit\u00e9 aux pressions amniotiques appara\u00eet au deuxi\u00e8me mois), soit indirectement lorsqu\u2019il s\u2019agit de son ressenti. H\u00e9las, le foetus est bien loin de pouvoir comprendre ou g\u00e9rer ces informations, et pourra en garder un souvenir \u00e0 la naissance.<\/p>\n<p>Les premiers mois suivants la naissance restent frustrants pour un b\u00e9b\u00e9, incapable de s\u2019exprimer autrement que par des pleurs et quelques mimiques faciales. Les ressentis accumul\u00e9s pendant la vie intra-ut\u00e9rine persistent\u2026<\/p>\n<p>Le corps va chercher \u00e0 s\u2019exprimer par les moyens qu\u2019il a \u00e0 sa disposition. Les probl\u00e8mes de sommeil, de digestion, ou agitation peuvent alors faire office d\u2019appel. Une fois qu\u2019on a \u00e9cart\u00e9 les \u00e9ventuelles causes physiologiques, la microkin\u00e9sith\u00e9rapie peut venir corriger les causes primaires.<\/p>\n","protected":false},"excerpt":{"rendered":"<p>On consid\u00e8re souvent que la vie d\u2019un enfant commence \u00e0 sa naissance. En r\u00e9alit\u00e9, son existence a commenc\u00e9 plusieurs mois auparavant, d\u00e8s la f\u00e9condation, auxquels il faut ajouter jusqu\u2019\u00e0 deux mois suppl\u00e9mentaires pour la gen\u00e8se des gam\u00e8tes. Ce qui nous donne jusqu\u2019\u00e0 onze mois de vie pr\u00e9-partum.<\/p>\n","protected":false},"author":1,"featured_media":0,"comment_status":"closed","ping_status":"open","sticky":false,"template":"","format":"standard","meta":{"footnotes":""},"categories":[1],"tags":[],"_links":{"self":[{"href":"https:\/\/microkine-claude.be\/index.php\/wp-json\/wp\/v2\/posts\/100"}],"collection":[{"href":"https:\/\/microkine-claude.be\/index.php\/wp-json\/wp\/v2\/posts"}],"about":[{"href":"https:\/\/microkine-claude.be\/index.php\/wp-json\/wp\/v2\/types\/post"}],"author":[{"embeddable":true,"href":"https:\/\/microkine-claude.be\/index.php\/wp-json\/wp\/v2\/users\/1"}],"replies":[{"embeddable":true,"href":"https:\/\/microkine-claude.be\/index.php\/wp-json\/wp\/v2\/comments?post=100"}],"version-history":[{"count":3,"href":"https:\/\/microkine-claude.be\/index.php\/wp-json\/wp\/v2\/posts\/100\/revisions"}],"predecessor-version":[{"id":390,"href":"https:\/\/microkine-claude.be\/index.php\/wp-json\/wp\/v2\/posts\/100\/revisions\/390"}],"wp:attachment":[{"href":"https:\/\/microkine-claude.be\/index.php\/wp-json\/wp\/v2\/media?parent=100"}],"wp:term":[{"taxonomy":"category","embeddable":true,"href":"https:\/\/microkine-claude.be\/index.php\/wp-json\/wp\/v2\/categories?post=100"},{"taxonomy":"post_tag","embeddable":true,"href":"https:\/\/microkine-claude.be\/index.php\/wp-json\/wp\/v2\/tags?post=100"}],"curies":[{"name":"wp","href":"https:\/\/api.w.org\/{rel}","templated":true}]}}